{"id":3582,"date":"2017-05-02T16:24:29","date_gmt":"2017-05-02T14:24:29","guid":{"rendered":"https:\/\/spssilos.com\/prado-sps-will-exhibiting-iran-agro\/"},"modified":"2017-05-02T16:50:39","modified_gmt":"2017-05-02T14:50:39","slug":"iran-agro-contara-otro-ano-mas-con-la-presencia-de-prado-sps","status":"publish","type":"post","link":"https:\/\/spssilos.com\/es\/iran-agro-contara-otro-ano-mas-con-la-presencia-de-prado-sps\/","title":{"rendered":"IRAN AGRO contar\u00e1, otro a\u00f1o m\u00e1s, con la presencia de PRADO SPS"},"content":{"rendered":"<p><a href=\"https:\/\/spssilos.com\/wp-content\/uploads\/2017\/05\/Prado-Silos-in-Iran-Agro.jpg\" rel=\"wp-prettyPhoto[3582]\"><img decoding=\"async\" loading=\"lazy\" class=\"alignnone size-full wp-image-3578\" src=\"https:\/\/spssilos.com\/wp-content\/uploads\/2017\/05\/Prado-Silos-in-Iran-Agro.jpg\" alt=\"Prado Silos in Iran Agro\" width=\"960\" height=\"350\" srcset=\"https:\/\/spssilos.com\/wp-content\/uploads\/2017\/05\/Prado-Silos-in-Iran-Agro.jpg 960w, https:\/\/spssilos.com\/wp-content\/uploads\/2017\/05\/Prado-Silos-in-Iran-Agro-300x109.jpg 300w, https:\/\/spssilos.com\/wp-content\/uploads\/2017\/05\/Prado-Silos-in-Iran-Agro-768x280.jpg 768w\" sizes=\"(max-width: 960px) 100vw, 960px\" \/><\/a><\/p>\n<h3><em>Los asistentes a IRAN AGRO 2017 podr\u00e1n visitarnos, desde el 23 al 26 de Mayo, en el Hall 5 &#8211; Stand 5.55 y obtener las mejores soluciones para el transporte, tratamiento y almacenaje de grano.<\/em><\/h3>\n<p>Ahora que se levantan las sanciones internacionales contra Ir\u00e1n, la industria agropecuaria iran\u00ed se beneficiar\u00e1 de enormes inversiones. Ya en los \u00faltimos a\u00f1os las importaciones iran\u00edes de maquinaria y equipo agr\u00edcola ascendieron a 234 millones de euros. Los organizadores esperan nuevamente una audiencia de m\u00e1s de 40,000 profesionales con verdadero poder adquisitivo para asistir al evento.<\/p>\n<p>Dada la importancia del evento, PRADO SPS estar\u00e1 presente en IRAN AGRO con su equipo de distribuidores locales altamente cualificado, que le ofrecer\u00e1n las mejores soluciones t\u00e9cnicas de almacenaje y mostrar\u00e1n nuestras mejoras en maquinaria de transporte. P\u00eddanos presupuesto e informaci\u00f3n sin compromiso.<\/p>\n<p>Vis\u00edtanos en el Hall 5, Stand 5.55 de IRAN AGRO 2017. \u00a1Te esperamos!<\/p>\n","protected":false},"excerpt":{"rendered":"<p>Los asistentes a IRAN AGRO 2017 podr\u00e1n visitarnos, desde el 23 al 26 de Mayo, en el Hall 5 &#8211; Stand 5.55 y obtener las mejores soluciones para el transporte, tratamiento y almacenaje de grano. Ahora que se levantan las sanciones internacionales contra Ir\u00e1n, la industria agropecuaria iran\u00ed se beneficiar\u00e1 de enormes inversiones. Ya en los \u00faltimos a\u00f1os las importaciones iran\u00edes de maquinaria y equipo agr\u00edcola ascendieron a 234 millones de euros. Los organizadores esperan nuevamente una audiencia de m\u00e1s de 40,000 profesionales con verdadero poder adquisitivo para asistir al evento. Dada la importancia del evento, PRADO SPS estar\u00e1 presente<\/p>\n","protected":false},"author":2,"featured_media":0,"comment_status":"closed","ping_status":"closed","sticky":false,"template":"","format":"standard","meta":{"_monsterinsights_skip_tracking":false,"_monsterinsights_sitenote_active":false,"_monsterinsights_sitenote_note":"","_monsterinsights_sitenote_category":0},"categories":[47],"tags":[],"acf":[],"yoast_head":"<!-- This site is optimized with the Yoast SEO plugin v21.5 - https:\/\/yoast.com\/wordpress\/plugins\/seo\/ -->\n<title>IRAN AGRO contar\u00e1, otro a\u00f1o m\u00e1s, con la presencia de PRADO SPS - SPS<\/title>\n<meta name=\"robots\" content=\"index, follow, max-snippet:-1, max-image-preview:large, max-video-preview:-1\" \/>\n<link rel=\"canonical\" href=\"https:\/\/spssilos.com\/es\/iran-agro-contara-otro-ano-mas-con-la-presencia-de-prado-sps\/\" \/>\n<meta name=\"twitter:label1\" content=\"Escrito por\" \/>\n\t<meta name=\"twitter:data1\" content=\"Maria Jose Lopez\" \/>\n\t<meta name=\"twitter:label2\" content=\"Tiempo de lectura\" \/>\n\t<meta name=\"twitter:data2\" content=\"1 minuto\" \/>\n<script type=\"application\/ld+json\" class=\"yoast-schema-graph\">{\"@context\":\"https:\/\/schema.org\",\"@graph\":[{\"@type\":\"WebPage\",\"@id\":\"https:\/\/spssilos.com\/es\/iran-agro-contara-otro-ano-mas-con-la-presencia-de-prado-sps\/\",\"url\":\"https:\/\/spssilos.com\/es\/iran-agro-contara-otro-ano-mas-con-la-presencia-de-prado-sps\/\",\"name\":\"IRAN AGRO contar\u00e1, otro a\u00f1o m\u00e1s, con la presencia de PRADO SPS - SPS\",\"isPartOf\":{\"@id\":\"https:\/\/spssilos.com\/#website\"},\"datePublished\":\"2017-05-02T14:24:29+00:00\",\"dateModified\":\"2017-05-02T14:50:39+00:00\",\"author\":{\"@id\":\"https:\/\/spssilos.com\/#\/schema\/person\/3c49091143e17c347cfc0047ff36a6dd\"},\"inLanguage\":\"es\",\"potentialAction\":[{\"@type\":\"ReadAction\",\"target\":[\"https:\/\/spssilos.com\/es\/iran-agro-contara-otro-ano-mas-con-la-presencia-de-prado-sps\/\"]}]},{\"@type\":\"WebSite\",\"@id\":\"https:\/\/spssilos.com\/#website\",\"url\":\"https:\/\/spssilos.com\/\",\"name\":\"SPS\",\"description\":\"\",\"potentialAction\":[{\"@type\":\"SearchAction\",\"target\":{\"@type\":\"EntryPoint\",\"urlTemplate\":\"https:\/\/spssilos.com\/?s={search_term_string}\"},\"query-input\":\"required name=search_term_string\"}],\"inLanguage\":\"es\"},{\"@type\":\"Person\",\"@id\":\"https:\/\/spssilos.com\/#\/schema\/person\/3c49091143e17c347cfc0047ff36a6dd\",\"name\":\"Maria Jose Lopez\",\"image\":{\"@type\":\"ImageObject\",\"inLanguage\":\"es\",\"@id\":\"https:\/\/spssilos.com\/#\/schema\/person\/image\/\",\"url\":\"https:\/\/secure.gravatar.com\/avatar\/69a58ff15cfe5433457744898a2157b4?s=96&d=mm&r=g\",\"contentUrl\":\"https:\/\/secure.gravatar.com\/avatar\/69a58ff15cfe5433457744898a2157b4?s=96&d=mm&r=g\",\"caption\":\"Maria Jose Lopez\"},\"url\":\"https:\/\/spssilos.com\/es\/author\/mariajose\/\"}]}<\/script>\n<!-- \/ Yoast SEO plugin. -->","yoast_head_json":{"title":"IRAN AGRO contar\u00e1, otro a\u00f1o m\u00e1s, con la presencia de PRADO SPS - SPS","robots":{"index":"index","follow":"follow","max-snippet":"max-snippet:-1","max-image-preview":"max-image-preview:large","max-video-preview":"max-video-preview:-1"},"canonical":"https:\/\/spssilos.com\/es\/iran-agro-contara-otro-ano-mas-con-la-presencia-de-prado-sps\/","twitter_misc":{"Escrito por":"Maria Jose Lopez","Tiempo de lectura":"1 minuto"},"schema":{"@context":"https:\/\/schema.org","@graph":[{"@type":"WebPage","@id":"https:\/\/spssilos.com\/es\/iran-agro-contara-otro-ano-mas-con-la-presencia-de-prado-sps\/","url":"https:\/\/spssilos.com\/es\/iran-agro-contara-otro-ano-mas-con-la-presencia-de-prado-sps\/","name":"IRAN AGRO contar\u00e1, otro a\u00f1o m\u00e1s, con la presencia de PRADO SPS - SPS","isPartOf":{"@id":"https:\/\/spssilos.com\/#website"},"datePublished":"2017-05-02T14:24:29+00:00","dateModified":"2017-05-02T14:50:39+00:00","author":{"@id":"https:\/\/spssilos.com\/#\/schema\/person\/3c49091143e17c347cfc0047ff36a6dd"},"inLanguage":"es","potentialAction":[{"@type":"ReadAction","target":["https:\/\/spssilos.com\/es\/iran-agro-contara-otro-ano-mas-con-la-presencia-de-prado-sps\/"]}]},{"@type":"WebSite","@id":"https:\/\/spssilos.com\/#website","url":"https:\/\/spssilos.com\/","name":"SPS","description":"","potentialAction":[{"@type":"SearchAction","target":{"@type":"EntryPoint","urlTemplate":"https:\/\/spssilos.com\/?s={search_term_string}"},"query-input":"required name=search_term_string"}],"inLanguage":"es"},{"@type":"Person","@id":"https:\/\/spssilos.com\/#\/schema\/person\/3c49091143e17c347cfc0047ff36a6dd","name":"Maria Jose Lopez","image":{"@type":"ImageObject","inLanguage":"es","@id":"https:\/\/spssilos.com\/#\/schema\/person\/image\/","url":"https:\/\/secure.gravatar.com\/avatar\/69a58ff15cfe5433457744898a2157b4?s=96&d=mm&r=g","contentUrl":"https:\/\/secure.gravatar.com\/avatar\/69a58ff15cfe5433457744898a2157b4?s=96&d=mm&r=g","caption":"Maria Jose Lopez"},"url":"https:\/\/spssilos.com\/es\/author\/mariajose\/"}]}},"_links":{"self":[{"href":"https:\/\/spssilos.com\/es\/wp-json\/wp\/v2\/posts\/3582"}],"collection":[{"href":"https:\/\/spssilos.com\/es\/wp-json\/wp\/v2\/posts"}],"about":[{"href":"https:\/\/spssilos.com\/es\/wp-json\/wp\/v2\/types\/post"}],"author":[{"embeddable":true,"href":"https:\/\/spssilos.com\/es\/wp-json\/wp\/v2\/users\/2"}],"replies":[{"embeddable":true,"href":"https:\/\/spssilos.com\/es\/wp-json\/wp\/v2\/comments?post=3582"}],"version-history":[{"count":3,"href":"https:\/\/spssilos.com\/es\/wp-json\/wp\/v2\/posts\/3582\/revisions"}],"predecessor-version":[{"id":3587,"href":"https:\/\/spssilos.com\/es\/wp-json\/wp\/v2\/posts\/3582\/revisions\/3587"}],"wp:attachment":[{"href":"https:\/\/spssilos.com\/es\/wp-json\/wp\/v2\/media?parent=3582"}],"wp:term":[{"taxonomy":"category","embeddable":true,"href":"https:\/\/spssilos.com\/es\/wp-json\/wp\/v2\/categories?post=3582"},{"taxonomy":"post_tag","embeddable":true,"href":"https:\/\/spssilos.com\/es\/wp-json\/wp\/v2\/tags?post=3582"}],"curies":[{"name":"wp","href":"https:\/\/api.w.org\/{rel}","templated":true}]}}