{"id":2122,"date":"2016-02-03T09:04:12","date_gmt":"2016-02-03T07:04:12","guid":{"rendered":"http:\/\/www.pradosps.com\/es\/?p=2122"},"modified":"2016-06-20T10:22:08","modified_gmt":"2016-06-20T08:22:08","slug":"sps-estara-exponiendo-soluciones-transporte-almacenamiento-grano-fima","status":"publish","type":"post","link":"https:\/\/spssilos.com\/es\/sps-estara-exponiendo-soluciones-transporte-almacenamiento-grano-fima\/","title":{"rendered":"SPS estar\u00e1 exponiendo soluciones para el transporte y almacenamiento de grano en FIMA"},"content":{"rendered":"<h4><a href=\"https:\/\/spssilos.com\/wp-content\/uploads\/2016\/02\/Grain-Handling-and-Storage-Solutions-FIMA.jpg\" rel=\"attachment wp-att-2101\" rel=\"wp-prettyPhoto[2122]\"><img decoding=\"async\" class=\"alignnone size-full wp-image-2101\" src=\"https:\/\/spssilos.com\/wp-content\/uploads\/2016\/02\/Grain-Handling-and-Storage-Solutions-FIMA.jpg\" alt=\"Grain Handling and Storage Solutions FIMA\" \/><\/a><\/h4>\n<h2><strong>Te esperamos en FIMA 2016, donde podr\u00e1s ver nuestras mejoras en productos para el transporte, tratamiento y almacenamiento de grano en el Hall 11, Stand 046.<\/strong><\/h2>\n<p>Las instalaciones de Feria de Zaragoza servir\u00e1n de escenario, del 16 al 20 de febrero de 2016, para una gran exposici\u00f3n internacional, en la que la maquinaria de \u00faltima generaci\u00f3n vinculada con el sector agr\u00edcola se convierte en la protagonista indiscutible.<\/p>\n<p>Un foro que, adem\u00e1s, se ve fuertemente reforzado por la participaci\u00f3n de un elevado n\u00famero de compradores internacionales, que constituyen las Misiones Comerciales y que, en esta edici\u00f3n, se ha centrado \u2013entre otros pa\u00edses \u2013 en los mercados emergentes. De este modo, se consigue un punto de encuentro de negocios que sirva de impulso hacia la apertura de pa\u00edses con un claro potencial de desarrollo agr\u00edcola, que encuentran en FIMA su motor de arranque.<\/p>\n<p>La agricultura del Arco Mediterr\u00e1neo ser\u00e1, sin duda, la que marque la pauta de un sal\u00f3n que se caracteriza por su dinamismo y el perfil claramente tecnol\u00f3gico que presentan tanto expositores como visitantes. El futuro del mercado agr\u00edcola constituye el eje sobre el que se sustenta el certamen, que contar\u00e1 con un \u00e1rea exterior destinada a la demostraci\u00f3n \u201cin situ\u201d de todo el escaparate del que forma parte FIMA 2016.<\/p>\n<p>En esta nueva edici\u00f3n, STORAGE PROJECT SOLUTIONS va a participar conjuntamente en el stand con la empresa BANDAS CORT\u00c9S, con la que estamos trabajando en proyectos nacionales de gran importancia. Podr\u00e1s solicitar informaci\u00f3n, pedir presupuestos sin compromiso y ver de primera mano la calidad de nuestros productos para el transporte, tratamiento y almacenamiento de grano.<\/p>\n<p>Te esperamos desde el 16 al 20 de Febrero en el <strong>Hall 11, Stand 046<\/strong>.<\/p>\n","protected":false},"excerpt":{"rendered":"<p>Te esperamos en FIMA 2016, donde podr\u00e1s ver nuestras mejoras en productos para el transporte, tratamiento y almacenamiento de grano en el Hall 11, Stand 046. Las instalaciones de Feria de Zaragoza servir\u00e1n de escenario, del 16 al 20 de febrero de 2016, para una gran exposici\u00f3n internacional, en la que la maquinaria de \u00faltima generaci\u00f3n vinculada con el sector agr\u00edcola se convierte en la protagonista indiscutible. Un foro que, adem\u00e1s, se ve fuertemente reforzado por la participaci\u00f3n de un elevado n\u00famero de compradores internacionales, que constituyen las Misiones Comerciales y que, en esta edici\u00f3n, se ha centrado \u2013entre otros<\/p>\n","protected":false},"author":2,"featured_media":2102,"comment_status":"open","ping_status":"open","sticky":false,"template":"","format":"standard","meta":{"_monsterinsights_skip_tracking":false,"_monsterinsights_sitenote_active":false,"_monsterinsights_sitenote_note":"","_monsterinsights_sitenote_category":0},"categories":[47],"tags":[],"acf":[],"yoast_head":"<!-- This site is optimized with the Yoast SEO plugin v21.5 - https:\/\/yoast.com\/wordpress\/plugins\/seo\/ -->\n<title>SPS exponiiones para el transporte y de grano en Fima<\/title>\n<meta name=\"description\" content=\"Te esperamos en FIMA, donde podr\u00e1s ver nuestras mejoras en productos para el transporte, tratamiento y almacenamiento de grano. Hall 11, Stand 046\" \/>\n<meta name=\"robots\" content=\"index, follow, max-snippet:-1, max-image-preview:large, max-video-preview:-1\" \/>\n<link rel=\"canonical\" href=\"https:\/\/spssilos.com\/es\/sps-estara-exponiendo-soluciones-transporte-almacenamiento-grano-fima\/\" \/>\n<meta name=\"twitter:label1\" content=\"Escrito por\" \/>\n\t<meta name=\"twitter:data1\" content=\"Maria Jose Lopez\" \/>\n\t<meta name=\"twitter:label2\" content=\"Tiempo de lectura\" \/>\n\t<meta name=\"twitter:data2\" content=\"1 minuto\" \/>\n<script type=\"application\/ld+json\" class=\"yoast-schema-graph\">{\"@context\":\"https:\/\/schema.org\",\"@graph\":[{\"@type\":\"WebPage\",\"@id\":\"https:\/\/spssilos.com\/es\/sps-estara-exponiendo-soluciones-transporte-almacenamiento-grano-fima\/\",\"url\":\"https:\/\/spssilos.com\/es\/sps-estara-exponiendo-soluciones-transporte-almacenamiento-grano-fima\/\",\"name\":\"SPS exponiiones para el transporte y de grano en Fima\",\"isPartOf\":{\"@id\":\"https:\/\/spssilos.com\/#website\"},\"datePublished\":\"2016-02-03T07:04:12+00:00\",\"dateModified\":\"2016-06-20T08:22:08+00:00\",\"author\":{\"@id\":\"https:\/\/spssilos.com\/#\/schema\/person\/3c49091143e17c347cfc0047ff36a6dd\"},\"description\":\"Te esperamos en FIMA, donde podr\u00e1s ver nuestras mejoras en productos para el transporte, tratamiento y almacenamiento de grano. Hall 11, Stand 046\",\"inLanguage\":\"es\",\"potentialAction\":[{\"@type\":\"ReadAction\",\"target\":[\"https:\/\/spssilos.com\/es\/sps-estara-exponiendo-soluciones-transporte-almacenamiento-grano-fima\/\"]}]},{\"@type\":\"WebSite\",\"@id\":\"https:\/\/spssilos.com\/#website\",\"url\":\"https:\/\/spssilos.com\/\",\"name\":\"SPS\",\"description\":\"\",\"potentialAction\":[{\"@type\":\"SearchAction\",\"target\":{\"@type\":\"EntryPoint\",\"urlTemplate\":\"https:\/\/spssilos.com\/?s={search_term_string}\"},\"query-input\":\"required name=search_term_string\"}],\"inLanguage\":\"es\"},{\"@type\":\"Person\",\"@id\":\"https:\/\/spssilos.com\/#\/schema\/person\/3c49091143e17c347cfc0047ff36a6dd\",\"name\":\"Maria Jose Lopez\",\"image\":{\"@type\":\"ImageObject\",\"inLanguage\":\"es\",\"@id\":\"https:\/\/spssilos.com\/#\/schema\/person\/image\/\",\"url\":\"https:\/\/secure.gravatar.com\/avatar\/69a58ff15cfe5433457744898a2157b4?s=96&d=mm&r=g\",\"contentUrl\":\"https:\/\/secure.gravatar.com\/avatar\/69a58ff15cfe5433457744898a2157b4?s=96&d=mm&r=g\",\"caption\":\"Maria Jose Lopez\"},\"url\":\"https:\/\/spssilos.com\/es\/author\/mariajose\/\"}]}<\/script>\n<!-- \/ Yoast SEO plugin. -->","yoast_head_json":{"title":"SPS exponiiones para el transporte y de grano en Fima","description":"Te esperamos en FIMA, donde podr\u00e1s ver nuestras mejoras en productos para el transporte, tratamiento y almacenamiento de grano. Hall 11, Stand 046","robots":{"index":"index","follow":"follow","max-snippet":"max-snippet:-1","max-image-preview":"max-image-preview:large","max-video-preview":"max-video-preview:-1"},"canonical":"https:\/\/spssilos.com\/es\/sps-estara-exponiendo-soluciones-transporte-almacenamiento-grano-fima\/","twitter_misc":{"Escrito por":"Maria Jose Lopez","Tiempo de lectura":"1 minuto"},"schema":{"@context":"https:\/\/schema.org","@graph":[{"@type":"WebPage","@id":"https:\/\/spssilos.com\/es\/sps-estara-exponiendo-soluciones-transporte-almacenamiento-grano-fima\/","url":"https:\/\/spssilos.com\/es\/sps-estara-exponiendo-soluciones-transporte-almacenamiento-grano-fima\/","name":"SPS exponiiones para el transporte y de grano en Fima","isPartOf":{"@id":"https:\/\/spssilos.com\/#website"},"datePublished":"2016-02-03T07:04:12+00:00","dateModified":"2016-06-20T08:22:08+00:00","author":{"@id":"https:\/\/spssilos.com\/#\/schema\/person\/3c49091143e17c347cfc0047ff36a6dd"},"description":"Te esperamos en FIMA, donde podr\u00e1s ver nuestras mejoras en productos para el transporte, tratamiento y almacenamiento de grano. Hall 11, Stand 046","inLanguage":"es","potentialAction":[{"@type":"ReadAction","target":["https:\/\/spssilos.com\/es\/sps-estara-exponiendo-soluciones-transporte-almacenamiento-grano-fima\/"]}]},{"@type":"WebSite","@id":"https:\/\/spssilos.com\/#website","url":"https:\/\/spssilos.com\/","name":"SPS","description":"","potentialAction":[{"@type":"SearchAction","target":{"@type":"EntryPoint","urlTemplate":"https:\/\/spssilos.com\/?s={search_term_string}"},"query-input":"required name=search_term_string"}],"inLanguage":"es"},{"@type":"Person","@id":"https:\/\/spssilos.com\/#\/schema\/person\/3c49091143e17c347cfc0047ff36a6dd","name":"Maria Jose Lopez","image":{"@type":"ImageObject","inLanguage":"es","@id":"https:\/\/spssilos.com\/#\/schema\/person\/image\/","url":"https:\/\/secure.gravatar.com\/avatar\/69a58ff15cfe5433457744898a2157b4?s=96&d=mm&r=g","contentUrl":"https:\/\/secure.gravatar.com\/avatar\/69a58ff15cfe5433457744898a2157b4?s=96&d=mm&r=g","caption":"Maria Jose Lopez"},"url":"https:\/\/spssilos.com\/es\/author\/mariajose\/"}]}},"_links":{"self":[{"href":"https:\/\/spssilos.com\/es\/wp-json\/wp\/v2\/posts\/2122"}],"collection":[{"href":"https:\/\/spssilos.com\/es\/wp-json\/wp\/v2\/posts"}],"about":[{"href":"https:\/\/spssilos.com\/es\/wp-json\/wp\/v2\/types\/post"}],"author":[{"embeddable":true,"href":"https:\/\/spssilos.com\/es\/wp-json\/wp\/v2\/users\/2"}],"replies":[{"embeddable":true,"href":"https:\/\/spssilos.com\/es\/wp-json\/wp\/v2\/comments?post=2122"}],"version-history":[{"count":0,"href":"https:\/\/spssilos.com\/es\/wp-json\/wp\/v2\/posts\/2122\/revisions"}],"wp:featuredmedia":[{"embeddable":true,"href":"https:\/\/spssilos.com\/es\/wp-json\/wp\/v2\/media\/2102"}],"wp:attachment":[{"href":"https:\/\/spssilos.com\/es\/wp-json\/wp\/v2\/media?parent=2122"}],"wp:term":[{"taxonomy":"category","embeddable":true,"href":"https:\/\/spssilos.com\/es\/wp-json\/wp\/v2\/categories?post=2122"},{"taxonomy":"post_tag","embeddable":true,"href":"https:\/\/spssilos.com\/es\/wp-json\/wp\/v2\/tags?post=2122"}],"curies":[{"name":"wp","href":"https:\/\/api.w.org\/{rel}","templated":true}]}}